 
{"id":39746,"date":"2022-06-15T08:00:55","date_gmt":"2022-06-15T06:00:55","guid":{"rendered":"http:\/\/www.vpsolar.com\/?p=39746\/"},"modified":"2022-06-15T09:51:42","modified_gmt":"2022-06-15T07:51:42","slug":"vp-solar-mennekes-charging-e-car","status":"publish","type":"post","link":"https:\/\/www.vpsolar.com\/en\/vp-solar-mennekes-charging-e-car\/","title":{"rendered":"VP Solar distributor of Mennekes charging systems for e-car"},"content":{"rendered":"<div class=\"wpb-content-wrapper\"><p><strong>Solar energy in your e-car<\/strong>: it&#8217;s not a dream, but a simple way to <strong>reduce the energy costs<\/strong> with a green approach, using your photovoltaic plant and Mennekes systems for charging.<\/p>\n<h2>MENNEKES and VP Solar: solutions for solar and e-car<\/h2>\n<p><strong>VP Solar<\/strong> became <strong>distributor of Mennekes<\/strong> solutions for <strong>e-mobility<\/strong>, with the idea to provide complete energy systems to its resellers and installers.<\/p>\n<p><strong>MENNEKES<\/strong> is a <strong>German company<\/strong>, with a <strong>leading position<\/strong> in manufacturing smart charging station for e-vehicle.<\/p>\n<p>The <strong>partnership with VP Solar<\/strong> is oriented to select and train a selected group of <strong>professional installers of energy systems<\/strong>.<\/p>\n<p>VP Solar, involved in <strong>distribution of energy systems from 1999<\/strong>, is serving about <strong>3.000 companies in Italy<\/strong> and <strong>International markets<\/strong>, providing them high quality products and services.<\/p>\n<p>In the <strong>first sessions of training about Mennekes<\/strong> solutions, about <strong>200 professional installers partecipated<\/strong>, opening new perspectives of business, very synergistic with photovoltaic and storage energy systems.<\/p>\n<h2>Reduce energy costs<\/h2>\n<p><strong>MENNEKES charging stations<\/strong> offer the opportunity for <strong>reducing energy costs<\/strong> or maximizing the use of home-generated solar energy.<\/p>\n<p><strong>Recharge<\/strong> up with electricity <strong>when the rate is most favorable<\/strong>. It&#8217;s completely automatic.<\/p>\n<p>If you do not want to incur any additional energy costs, you can simply <strong>charge with the electricity from your solar panels<\/strong>.<\/p>\n<h2>APP control:<\/h2>\n<h3>Time-controlled charging<\/h3>\n<p>If your energy supplier <strong>offers different electricity tariffs<\/strong> at <strong>different times of day<\/strong>, then you can <strong>define two time zones<\/strong> in the <strong>MENNEKES Charge APP<\/strong>, set these zones to the preferred electricity rates and define maximum charge rates per zone.<\/p>\n<p>Thus you can ensure that <strong>you always charge at the best electricity rate<\/strong>.<\/p>\n<h3>Network-controlled charging<\/h3>\n<p>The increasing use of <strong>regenerative energy<\/strong> frequently results in an over-supply of energy, since regenerative energies are only available when nature wants them to be available.<\/p>\n<p>To <strong>reduce this over-supply<\/strong> the electric utilities want to <strong>connect up power consumers<\/strong> as needed.<\/p>\n<p>In general, your <strong>electric utility<\/strong> makes a more favorable electricity rate available at such times.<\/p>\n<h3>Grid-control function<\/h3>\n<p>Using the <strong>grid-control function<\/strong>, your home charging station can be <strong>controlled by your electricity provider<\/strong>.<\/p>\n<p>Modern solar power systems can <strong>intelligently control electrical equipment<\/strong> and <strong>batteries<\/strong> in order to reduce energy costs.<\/p>\n<p>The <strong>battery of your electric vehicle<\/strong> is a <strong>large accumulator<\/strong> that significantly increases the possibilities for intelligent control of energy in the smart home.<\/p>\n<p>[vc_row][vc_column]<div class=\"woocommerce columns-4 \"><ul data-view=\"grid\" data-bs-toggle=\"regular-products\" class=\"products products list-unstyled row g-0 row-cols-2 row-cols-md-3 row-cols-lg-4 row-cols-xl-4 row-cols-xxl-5\"><li class=\"product type-product post-86752 status-publish first instock product_cat-energy-mobility-en product_cat-mennekes-charger product_cat-mennekes-wallbox-en product_tag-amtron-4business-en product_tag-mennekes product_tag-wallbox-amtron product_tag-wallbox-charger has-post-thumbnail shipping-taxable product-type-simple\">\n\t<div class=\"product-outer product-item__outer\"><div class=\"product-inner product-item__inner\"><div class=\"product-loop-header product-item__header\"><span class=\"loop-product-categories\"><a href=\"https:\/\/www.vpsolar.com\/en\/product-category\/energy-mobility-en\/\" rel=\"tag\">Energy Mobility<\/a>, <a href=\"https:\/\/www.vpsolar.com\/en\/product-category\/energy-mobility-en\/mennekes-charger\/\" rel=\"tag\">Mennekes<\/a>, <a href=\"https:\/\/www.vpsolar.com\/en\/product-category\/energy-mobility-en\/mennekes-charger\/mennekes-wallbox-en\/\" rel=\"tag\">Wallbox<\/a><\/span><a href=\"https:\/\/www.vpsolar.com\/en\/product\/mennekes-amtron-4business-700\/\" class=\"woocommerce-LoopProduct-link woocommerce-loop-product__link\"><h2 class=\"woocommerce-loop-product__title\">Mennekes &#8211; AMTRON 4Business 700<\/h2><div class=\"product-thumbnail product-item__thumbnail\"><img loading=\"lazy\" decoding=\"async\" width=\"300\" height=\"300\" src=\"https:\/\/www.vpsolar.com\/wp-content\/uploads\/2025\/10\/Mennekes_Amtron-4Business-700-300x300.jpg\" class=\"attachment-woocommerce_thumbnail size-woocommerce_thumbnail\" alt=\"Mennekes - AMTRON 4Business 700\" \/><\/div><\/a><\/div><!-- \/.product-loop-header --><div class=\"product-loop-body product-item__body\"><span class=\"loop-product-categories\"><a href=\"https:\/\/www.vpsolar.com\/en\/product-category\/energy-mobility-en\/\" rel=\"tag\">Energy Mobility<\/a>, <a href=\"https:\/\/www.vpsolar.com\/en\/product-category\/energy-mobility-en\/mennekes-charger\/\" rel=\"tag\">Mennekes<\/a>, <a href=\"https:\/\/www.vpsolar.com\/en\/product-category\/energy-mobility-en\/mennekes-charger\/mennekes-wallbox-en\/\" rel=\"tag\">Wallbox<\/a><\/span><a href=\"https:\/\/www.vpsolar.com\/en\/product\/mennekes-amtron-4business-700\/\" class=\"woocommerce-LoopProduct-link woocommerce-loop-product__link\"><h2 class=\"woocommerce-loop-product__title\">Mennekes &#8211; AMTRON 4Business 700<\/h2>\t\t<div class=\"product-short-description\">\n\t\t\t<p data-start=\"46\" data-end=\"225\"><strong data-start=\"46\" data-end=\"70\">AMTRON 4Business 700<\/strong> is the versatile, innovative, and customizable wallbox introduced by Mennekes for electric vehicle charging in commercial and industrial settings.<\/p>\n<ul>\n<li>11kW and 22kW variants<\/li>\n<li>With integrated cable or type 2 socket with shutter<\/li>\n<li>Remote configuration and management via the AMTRON 4Installers app<\/li>\n<li>Customizable front cover color<\/li>\n<li>Ethernet and Wi-Fi connectivity (710 and 730 versions) and 4G (730 version only)<\/li>\n<li>Authentication via RFID or AMTRON 4Drivers app<\/li>\n<li>ISO 15118-ready: designed for V2G and Plug&amp;Charge communication<\/li>\n<li>Integrated MID meter &#8211; accurate measurement readable from the outside<\/li>\n<\/ul>\n\t\t<\/div>\n\t\t\t\t<div class=\"product-sku\">SKU: n\/a<\/div><\/a><\/div><!-- \/.product-loop-body --><div class=\"product-loop-footer product-item__footer\"><div class=\"price-add-to-cart\">\n\t<span id=\"woocommerce_loop_add_to_cart_link_describedby_86752\" class=\"screen-reader-text\">\n\t\t\t<\/span>\n<\/div><!-- \/.price-add-to-cart --><div class=\"hover-area\"><div class=\"action-buttons\"><\/div><\/div><\/div><!-- \/.product-loop-footer --><\/div><!-- \/.product-inner --><\/div><!-- \/.product-outer --><\/li>\n<li class=\"product type-product post-87935 status-publish instock product_cat-energy-mobility-en product_cat-mennekes-charger product_cat-mennekes-wallbox-en product_tag-electric-car-charger product_tag-emobility product_tag-mennekes product_tag-mennekes-amtron4you product_tag-wallbox-en has-post-thumbnail shipping-taxable product-type-simple\">\n\t<div class=\"product-outer product-item__outer\"><div class=\"product-inner product-item__inner\"><div class=\"product-loop-header product-item__header\"><span class=\"loop-product-categories\"><a href=\"https:\/\/www.vpsolar.com\/en\/product-category\/energy-mobility-en\/\" rel=\"tag\">Energy Mobility<\/a>, <a href=\"https:\/\/www.vpsolar.com\/en\/product-category\/energy-mobility-en\/mennekes-charger\/\" rel=\"tag\">Mennekes<\/a>, <a href=\"https:\/\/www.vpsolar.com\/en\/product-category\/energy-mobility-en\/mennekes-charger\/mennekes-wallbox-en\/\" rel=\"tag\">Wallbox<\/a><\/span><a href=\"https:\/\/www.vpsolar.com\/en\/product\/mennekes-amtron-4you-100\/\" class=\"woocommerce-LoopProduct-link woocommerce-loop-product__link\"><h2 class=\"woocommerce-loop-product__title\">Mennekes &#8211; AMTRON 4You 100<\/h2><div class=\"product-thumbnail product-item__thumbnail\"><img loading=\"lazy\" decoding=\"async\" width=\"300\" height=\"300\" src=\"https:\/\/www.vpsolar.com\/wp-content\/uploads\/2026\/02\/Mennekes-amtron-4you-100-300x300.jpg\" class=\"attachment-woocommerce_thumbnail size-woocommerce_thumbnail\" alt=\"Mennekes - AMTRON 4You 100\" \/><\/div><\/a><\/div><!-- \/.product-loop-header --><div class=\"product-loop-body product-item__body\"><span class=\"loop-product-categories\"><a href=\"https:\/\/www.vpsolar.com\/en\/product-category\/energy-mobility-en\/\" rel=\"tag\">Energy Mobility<\/a>, <a href=\"https:\/\/www.vpsolar.com\/en\/product-category\/energy-mobility-en\/mennekes-charger\/\" rel=\"tag\">Mennekes<\/a>, <a href=\"https:\/\/www.vpsolar.com\/en\/product-category\/energy-mobility-en\/mennekes-charger\/mennekes-wallbox-en\/\" rel=\"tag\">Wallbox<\/a><\/span><a href=\"https:\/\/www.vpsolar.com\/en\/product\/mennekes-amtron-4you-100\/\" class=\"woocommerce-LoopProduct-link woocommerce-loop-product__link\"><h2 class=\"woocommerce-loop-product__title\">Mennekes &#8211; AMTRON 4You 100<\/h2>\t\t<div class=\"product-short-description\">\n\t\t\t<p><strong>AMTRON 4You 100<\/strong> is the basic wallbox from Mennekes designed for home charging, ideal for those looking for a simple, reliable, and immediate solution for private charging without smart functions.<\/p>\n<ul>\n<li>Available in 7.4 kW, 11 kW, and 22 kW versions with integrated 7.5 m Type 2 cable<\/li>\n<li>Plug &amp; play charging without authentication<\/li>\n<li>Quick and easy installation<\/li>\n<li>Safe operation with integrated DC 6 mA residual current detection<\/li>\n<li>Robust and suitable for indoor or outdoor installation (IP54, IK08)<\/li>\n<\/ul>\n\t\t<\/div>\n\t\t\t\t<div class=\"product-sku\">SKU: n\/a<\/div><\/a><\/div><!-- \/.product-loop-body --><div class=\"product-loop-footer product-item__footer\"><div class=\"price-add-to-cart\">\n\t<span id=\"woocommerce_loop_add_to_cart_link_describedby_87935\" class=\"screen-reader-text\">\n\t\t\t<\/span>\n<\/div><!-- \/.price-add-to-cart --><div class=\"hover-area\"><div class=\"action-buttons\"><\/div><\/div><\/div><!-- \/.product-loop-footer --><\/div><!-- \/.product-inner --><\/div><!-- \/.product-outer --><\/li>\n<li class=\"product type-product post-87931 status-publish instock product_cat-energy-mobility-en product_cat-mennekes-charger product_cat-mennekes-wallbox-en product_tag-electric-car-charger product_tag-emobility product_tag-mennekes product_tag-mennekes-amtron4you product_tag-wallbox-en has-post-thumbnail shipping-taxable product-type-simple\">\n\t<div class=\"product-outer product-item__outer\"><div class=\"product-inner product-item__inner\"><div class=\"product-loop-header product-item__header\"><span class=\"loop-product-categories\"><a href=\"https:\/\/www.vpsolar.com\/en\/product-category\/energy-mobility-en\/\" rel=\"tag\">Energy Mobility<\/a>, <a href=\"https:\/\/www.vpsolar.com\/en\/product-category\/energy-mobility-en\/mennekes-charger\/\" rel=\"tag\">Mennekes<\/a>, <a href=\"https:\/\/www.vpsolar.com\/en\/product-category\/energy-mobility-en\/mennekes-charger\/mennekes-wallbox-en\/\" rel=\"tag\">Wallbox<\/a><\/span><a href=\"https:\/\/www.vpsolar.com\/en\/product\/mennekes-amtron-4you-300\/\" class=\"woocommerce-LoopProduct-link woocommerce-loop-product__link\"><h2 class=\"woocommerce-loop-product__title\">Mennekes &#8211; AMTRON 4You 300<\/h2><div class=\"product-thumbnail product-item__thumbnail\"><img loading=\"lazy\" decoding=\"async\" width=\"300\" height=\"300\" src=\"https:\/\/www.vpsolar.com\/wp-content\/uploads\/2026\/02\/Mennekes-amtron-4you-300-300x300.jpg\" class=\"attachment-woocommerce_thumbnail size-woocommerce_thumbnail\" alt=\"Mennekes - AMTRON 4You 300\" \/><\/div><\/a><\/div><!-- \/.product-loop-header --><div class=\"product-loop-body product-item__body\"><span class=\"loop-product-categories\"><a href=\"https:\/\/www.vpsolar.com\/en\/product-category\/energy-mobility-en\/\" rel=\"tag\">Energy Mobility<\/a>, <a href=\"https:\/\/www.vpsolar.com\/en\/product-category\/energy-mobility-en\/mennekes-charger\/\" rel=\"tag\">Mennekes<\/a>, <a href=\"https:\/\/www.vpsolar.com\/en\/product-category\/energy-mobility-en\/mennekes-charger\/mennekes-wallbox-en\/\" rel=\"tag\">Wallbox<\/a><\/span><a href=\"https:\/\/www.vpsolar.com\/en\/product\/mennekes-amtron-4you-300\/\" class=\"woocommerce-LoopProduct-link woocommerce-loop-product__link\"><h2 class=\"woocommerce-loop-product__title\">Mennekes &#8211; AMTRON 4You 300<\/h2>\t\t<div class=\"product-short-description\">\n\t\t\t<p><strong>AMTRON 4You 300<\/strong> is the Mennekes essential and reliable wallbox for charging electric vehicles at home, designed to ensure maximum safety and ease of installation.<\/p>\n<ul>\n<li>4 kW, 11 kW, and 22 kW versions with integrated 7.5 m Type 2 cable<\/li>\n<li>Quick and intuitive configuration via dip-switch<\/li>\n<li>RFID authentication<\/li>\n<li>Load management function via external meter<\/li>\n<li>Robust and suitable for indoor or outdoor installation (IP54, IK08)<\/li>\n<\/ul>\n\t\t<\/div>\n\t\t\t\t<div class=\"product-sku\">SKU: n\/a<\/div><\/a><\/div><!-- \/.product-loop-body --><div class=\"product-loop-footer product-item__footer\"><div class=\"price-add-to-cart\">\n\t<span id=\"woocommerce_loop_add_to_cart_link_describedby_87931\" class=\"screen-reader-text\">\n\t\t\t<\/span>\n<\/div><!-- \/.price-add-to-cart --><div class=\"hover-area\"><div class=\"action-buttons\"><\/div><\/div><\/div><!-- \/.product-loop-footer --><\/div><!-- \/.product-inner --><\/div><!-- \/.product-outer --><\/li>\n<li class=\"product type-product post-87927 status-publish last instock product_cat-energy-mobility-en product_cat-mennekes-charger product_cat-mennekes-wallbox-en product_tag-electric-vehicles product_tag-emobility product_tag-mennekes product_tag-mennekes-amtron-4you product_tag-wallbox-en has-post-thumbnail shipping-taxable product-type-simple\">\n\t<div class=\"product-outer product-item__outer\"><div class=\"product-inner product-item__inner\"><div class=\"product-loop-header product-item__header\"><span class=\"loop-product-categories\"><a href=\"https:\/\/www.vpsolar.com\/en\/product-category\/energy-mobility-en\/\" rel=\"tag\">Energy Mobility<\/a>, <a href=\"https:\/\/www.vpsolar.com\/en\/product-category\/energy-mobility-en\/mennekes-charger\/\" rel=\"tag\">Mennekes<\/a>, <a href=\"https:\/\/www.vpsolar.com\/en\/product-category\/energy-mobility-en\/mennekes-charger\/mennekes-wallbox-en\/\" rel=\"tag\">Wallbox<\/a><\/span><a href=\"https:\/\/www.vpsolar.com\/en\/product\/mennekes-amtron-4you-500\/\" class=\"woocommerce-LoopProduct-link woocommerce-loop-product__link\"><h2 class=\"woocommerce-loop-product__title\">Mennekes &#8211; AMTRON 4You 500<\/h2><div class=\"product-thumbnail product-item__thumbnail\"><img loading=\"lazy\" decoding=\"async\" width=\"300\" height=\"301\" src=\"https:\/\/www.vpsolar.com\/wp-content\/uploads\/2026\/02\/Mennekes-amtron-4you-500-300x301.jpg\" class=\"attachment-woocommerce_thumbnail size-woocommerce_thumbnail\" alt=\"Mennekes - AMTRON 4You 500\" \/><\/div><\/a><\/div><!-- \/.product-loop-header --><div class=\"product-loop-body product-item__body\"><span class=\"loop-product-categories\"><a href=\"https:\/\/www.vpsolar.com\/en\/product-category\/energy-mobility-en\/\" rel=\"tag\">Energy Mobility<\/a>, <a href=\"https:\/\/www.vpsolar.com\/en\/product-category\/energy-mobility-en\/mennekes-charger\/\" rel=\"tag\">Mennekes<\/a>, <a href=\"https:\/\/www.vpsolar.com\/en\/product-category\/energy-mobility-en\/mennekes-charger\/mennekes-wallbox-en\/\" rel=\"tag\">Wallbox<\/a><\/span><a href=\"https:\/\/www.vpsolar.com\/en\/product\/mennekes-amtron-4you-500\/\" class=\"woocommerce-LoopProduct-link woocommerce-loop-product__link\"><h2 class=\"woocommerce-loop-product__title\">Mennekes &#8211; AMTRON 4You 500<\/h2>\t\t<div class=\"product-short-description\">\n\t\t\t<p><strong>AMTRON 4You 500<\/strong> is Mennekes smart home solution for charging electric vehicles, designed to ensure maximum reliability and ease of use in residential settings.<\/p>\n<ul>\n<li>4 kW, 11 kW and 22 kW versions with integrated 7.5 m Type 2 cable<\/li>\n<li>Configuration via the AMTRON 4Installers app<\/li>\n<li>Switching between charging modes via buttons on the wallbox<\/li>\n<li>Smart functions for optimizing domestic loads (load management)<\/li>\n<li>Ethernet and Wi-Fi connectivity<\/li>\n<li>Authentication via RFID or AMTRON 4Drivers app<\/li>\n<li>ISO 15118-ready: prepared for V2G and Plug&amp;Charge communication<\/li>\n<li>Robust and durable design for indoor or outdoor installation (IP54)<\/li>\n<\/ul>\n\t\t<\/div>\n\t\t\t\t<div class=\"product-sku\">SKU: n\/a<\/div><\/a><\/div><!-- \/.product-loop-body --><div class=\"product-loop-footer product-item__footer\"><div class=\"price-add-to-cart\">\n\t<span id=\"woocommerce_loop_add_to_cart_link_describedby_87927\" class=\"screen-reader-text\">\n\t\t\t<\/span>\n<\/div><!-- \/.price-add-to-cart --><div class=\"hover-area\"><div class=\"action-buttons\"><\/div><\/div><\/div><!-- \/.product-loop-footer --><\/div><!-- \/.product-inner --><\/div><!-- \/.product-outer --><\/li>\n<li class=\"product type-product post-62115 status-publish first instock product_cat-mennekes-charging-station-en product_cat-energy-mobility-en product_cat-mennekes-charger product_tag-22-en product_tag-colonnine-di-ricarica-en product_tag-mennekes product_tag-plus-en product_tag-professional-en has-post-thumbnail shipping-taxable product-type-simple\">\n\t<div class=\"product-outer product-item__outer\"><div class=\"product-inner product-item__inner\"><div class=\"product-loop-header product-item__header\"><span class=\"loop-product-categories\"><a href=\"https:\/\/www.vpsolar.com\/en\/product-category\/energy-mobility-en\/mennekes-charger\/mennekes-charging-station-en\/\" rel=\"tag\">Charging station<\/a>, <a href=\"https:\/\/www.vpsolar.com\/en\/product-category\/energy-mobility-en\/\" rel=\"tag\">Energy Mobility<\/a>, <a href=\"https:\/\/www.vpsolar.com\/en\/product-category\/energy-mobility-en\/mennekes-charger\/\" rel=\"tag\">Mennekes<\/a><\/span><a href=\"https:\/\/www.vpsolar.com\/en\/product\/amedio-professional\/\" class=\"woocommerce-LoopProduct-link woocommerce-loop-product__link\"><h2 class=\"woocommerce-loop-product__title\">Mennekes AMEDIO Professional+<\/h2><div class=\"product-thumbnail product-item__thumbnail\"><img loading=\"lazy\" decoding=\"async\" width=\"300\" height=\"300\" src=\"https:\/\/www.vpsolar.com\/wp-content\/uploads\/2020\/03\/Mennekes_amedio_professional-300x300.jpg\" class=\"attachment-woocommerce_thumbnail size-woocommerce_thumbnail\" alt=\"Mennekes AMEDIO Professional+\" \/><\/div><\/a><\/div><!-- \/.product-loop-header --><div class=\"product-loop-body product-item__body\"><span class=\"loop-product-categories\"><a href=\"https:\/\/www.vpsolar.com\/en\/product-category\/energy-mobility-en\/mennekes-charger\/mennekes-charging-station-en\/\" rel=\"tag\">Charging station<\/a>, <a href=\"https:\/\/www.vpsolar.com\/en\/product-category\/energy-mobility-en\/\" rel=\"tag\">Energy Mobility<\/a>, <a href=\"https:\/\/www.vpsolar.com\/en\/product-category\/energy-mobility-en\/mennekes-charger\/\" rel=\"tag\">Mennekes<\/a><\/span><a href=\"https:\/\/www.vpsolar.com\/en\/product\/amedio-professional\/\" class=\"woocommerce-LoopProduct-link woocommerce-loop-product__link\"><h2 class=\"woocommerce-loop-product__title\">Mennekes AMEDIO Professional+<\/h2>\t\t<div class=\"product-short-description\">\n\t\t\t<p>Mennekes AMEDIO Professional + is the charging station designed for the company, commercial, and hotel car parks, it guarantees an intelligent and sustainable charging infrastructure for car parks reserved for the company and customers.<\/p>\n<ul>\n<li>Security of investments thanks to state-of-the-art electronics<\/li>\n<li>Flexible counting options<\/li>\n<li>2 x type 2 sockets with hinged lid for 22 kW respectively charging power and high operational safety<\/li>\n<\/ul>\n\t\t<\/div>\n\t\t\t\t<div class=\"product-sku\">SKU: n\/a<\/div><\/a><\/div><!-- \/.product-loop-body --><div class=\"product-loop-footer product-item__footer\"><div class=\"price-add-to-cart\">\n\t<span id=\"woocommerce_loop_add_to_cart_link_describedby_62115\" class=\"screen-reader-text\">\n\t\t\t<\/span>\n<\/div><!-- \/.price-add-to-cart --><div class=\"hover-area\"><div class=\"action-buttons\"><\/div><\/div><\/div><!-- \/.product-loop-footer --><\/div><!-- \/.product-inner --><\/div><!-- \/.product-outer --><\/li>\n<li class=\"product type-product post-62120 status-publish instock product_cat-energy-mobility-en product_cat-mennekes-charger product_cat-mennekes-wallbox-en product_tag-amtron-en product_tag-mennekies-en product_tag-plus-en product_tag-professional-en product_tag-wallbox-en has-post-thumbnail shipping-taxable product-type-simple\">\n\t<div class=\"product-outer product-item__outer\"><div class=\"product-inner product-item__inner\"><div class=\"product-loop-header product-item__header\"><span class=\"loop-product-categories\"><a href=\"https:\/\/www.vpsolar.com\/en\/product-category\/energy-mobility-en\/\" rel=\"tag\">Energy Mobility<\/a>, <a href=\"https:\/\/www.vpsolar.com\/en\/product-category\/energy-mobility-en\/mennekes-charger\/\" rel=\"tag\">Mennekes<\/a>, <a href=\"https:\/\/www.vpsolar.com\/en\/product-category\/energy-mobility-en\/mennekes-charger\/mennekes-wallbox-en\/\" rel=\"tag\">Wallbox<\/a><\/span><a href=\"https:\/\/www.vpsolar.com\/en\/product\/amtron-professional\/\" class=\"woocommerce-LoopProduct-link woocommerce-loop-product__link\"><h2 class=\"woocommerce-loop-product__title\">Mennekes AMTRON Professional+<\/h2><div class=\"product-thumbnail product-item__thumbnail\"><img loading=\"lazy\" decoding=\"async\" width=\"300\" height=\"300\" src=\"https:\/\/www.vpsolar.com\/wp-content\/uploads\/2020\/03\/amtron-professional-300x300.jpg\" class=\"attachment-woocommerce_thumbnail size-woocommerce_thumbnail\" alt=\"Mennekes AMTRON Professional+\" \/><\/div><\/a><\/div><!-- \/.product-loop-header --><div class=\"product-loop-body product-item__body\"><span class=\"loop-product-categories\"><a href=\"https:\/\/www.vpsolar.com\/en\/product-category\/energy-mobility-en\/\" rel=\"tag\">Energy Mobility<\/a>, <a href=\"https:\/\/www.vpsolar.com\/en\/product-category\/energy-mobility-en\/mennekes-charger\/\" rel=\"tag\">Mennekes<\/a>, <a href=\"https:\/\/www.vpsolar.com\/en\/product-category\/energy-mobility-en\/mennekes-charger\/mennekes-wallbox-en\/\" rel=\"tag\">Wallbox<\/a><\/span><a href=\"https:\/\/www.vpsolar.com\/en\/product\/amtron-professional\/\" class=\"woocommerce-LoopProduct-link woocommerce-loop-product__link\"><h2 class=\"woocommerce-loop-product__title\">Mennekes AMTRON Professional+<\/h2>\t\t<div class=\"product-short-description\">\n\t\t\t<p>Mennekes AMTRON\u00ae Professional + has been designed for company and commercial vehicle fleets, hotels, restaurants etc &#8230; thanks to state-of-the-art technology and electronics, easy access to recharge and easy management by the facilities are guaranteed.<\/p>\n<ul>\n<li>Wallbox specially designed for industry and commerce<\/li>\n<li>Integrated modem for data transmission according to OCPP 1.6 j<\/li>\n<li>Flexible counting options<\/li>\n<li>Charging point with a maximum charging power of 22 kW<\/li>\n<\/ul>\n\t\t<\/div>\n\t\t\t\t<div class=\"product-sku\">SKU: n\/a<\/div><\/a><\/div><!-- \/.product-loop-body --><div class=\"product-loop-footer product-item__footer\"><div class=\"price-add-to-cart\">\n\t<span id=\"woocommerce_loop_add_to_cart_link_describedby_62120\" class=\"screen-reader-text\">\n\t\t\t<\/span>\n<\/div><!-- \/.price-add-to-cart --><div class=\"hover-area\"><div class=\"action-buttons\"><\/div><\/div><\/div><!-- \/.product-loop-footer --><\/div><!-- \/.product-inner --><\/div><!-- \/.product-outer --><\/li>\n<li class=\"product type-product post-46788 status-publish instock product_cat-mennekes-charging-cable-accessories product_cat-energy-mobility-en product_tag-cable-mode product_tag-electric-mobility has-post-thumbnail shipping-taxable product-type-simple\">\n\t<div class=\"product-outer product-item__outer\"><div class=\"product-inner product-item__inner\"><div class=\"product-loop-header product-item__header\"><span class=\"loop-product-categories\"><a href=\"https:\/\/www.vpsolar.com\/en\/product-category\/energy-mobility-en\/mennekes-charger\/mennekes-charging-cable-accessories\/\" rel=\"tag\">Accessories<\/a>, <a href=\"https:\/\/www.vpsolar.com\/en\/product-category\/energy-mobility-en\/\" rel=\"tag\">Energy Mobility<\/a><\/span><a href=\"https:\/\/www.vpsolar.com\/en\/product\/mennekes-cavo-ricarica-modalita-2\/\" class=\"woocommerce-LoopProduct-link woocommerce-loop-product__link\"><h2 class=\"woocommerce-loop-product__title\">MENNEKES: charging connector mode 2<\/h2><div class=\"product-thumbnail product-item__thumbnail\"><img loading=\"lazy\" decoding=\"async\" width=\"300\" height=\"300\" src=\"https:\/\/www.vpsolar.com\/wp-content\/uploads\/2017\/03\/Menneke_Cavo_Modalita_2-300x300.jpg\" class=\"attachment-woocommerce_thumbnail size-woocommerce_thumbnail\" alt=\"MENNEKES: charging connector mode 2\" \/><\/div><\/a><\/div><!-- \/.product-loop-header --><div class=\"product-loop-body product-item__body\"><span class=\"loop-product-categories\"><a href=\"https:\/\/www.vpsolar.com\/en\/product-category\/energy-mobility-en\/mennekes-charger\/mennekes-charging-cable-accessories\/\" rel=\"tag\">Accessories<\/a>, <a href=\"https:\/\/www.vpsolar.com\/en\/product-category\/energy-mobility-en\/\" rel=\"tag\">Energy Mobility<\/a><\/span><a href=\"https:\/\/www.vpsolar.com\/en\/product\/mennekes-cavo-ricarica-modalita-2\/\" class=\"woocommerce-LoopProduct-link woocommerce-loop-product__link\"><h2 class=\"woocommerce-loop-product__title\">MENNEKES: charging connector mode 2<\/h2>\t\t<div class=\"product-short-description\">\n\t\t\t<p>I veicoli elettrici vengono ricaricati normalmente in <strong>modalit\u00e0 3<\/strong>, poich\u00e9 questa \u00e8 la modalit\u00e0 di ricarica pi\u00f9 sicura.<\/p>\n<p>Quando si \u00e8 per strada e non \u00e8 disponibile un infrastruttura per la ricarica in modalit\u00e0 3, la modalit\u00e0 2 <strong>conforme a IEC 61851<\/strong> \u00e8 l\u2018alternativa pi\u00f9 sicura.<\/p>\n<p>La ricarica avviene tramite una comune presa domestica o industriale (spina a muro <strong>SCHUKO\u00ae<\/strong> o <strong>CEE<\/strong>), ma il cavo in modalit\u00e0 3 integra le funzioni di protezione e controllo nel <strong>Cable Control<\/strong> and <strong>Protecting Device<\/strong> (IC-CPD).<\/p>\n<p>Questo tipo di cavo unisce la praticit\u00e0 di un dispositivo mobile con un aumentato del livello di protezione (<strong>SPE-PRCD<\/strong>) attraverso un dispositivo di comunicazione con il veicolo (<strong>modulo PWM<\/strong>) oltre al dispositivo SPE-PRCD che controlla permanentemente la connessione del conduttore di terra ed il modulo PWM comunica la corrente massima di carica.<\/p>\n<p>In caso di <strong>anomalie<\/strong>, la ricarica viene interrotta cos\u00ec da proteggere veicolo e utilizzatore. I <strong>cavi Mennekes in modalit\u00e0 2<\/strong> superano i requisiti normativi offrendo funzioni aggiuntive, rendendo sicura e semplice la ricarica in modalit\u00e0 2.<\/p>\n\t\t<\/div>\n\t\t\t\t<div class=\"product-sku\">SKU: n\/a<\/div><\/a><\/div><!-- \/.product-loop-body --><div class=\"product-loop-footer product-item__footer\"><div class=\"price-add-to-cart\">\n\t<span id=\"woocommerce_loop_add_to_cart_link_describedby_46788\" class=\"screen-reader-text\">\n\t\t\t<\/span>\n<\/div><!-- \/.price-add-to-cart --><div class=\"hover-area\"><div class=\"action-buttons\"><\/div><\/div><\/div><!-- \/.product-loop-footer --><\/div><!-- \/.product-inner --><\/div><!-- \/.product-outer --><\/li>\n<li class=\"product type-product post-46785 status-publish last instock product_cat-mennekes-charging-cable-accessories product_cat-energy-mobility-en product_tag-charging-cable-mode product_tag-electric-mobility has-post-thumbnail shipping-taxable product-type-simple\">\n\t<div class=\"product-outer product-item__outer\"><div class=\"product-inner product-item__inner\"><div class=\"product-loop-header product-item__header\"><span class=\"loop-product-categories\"><a href=\"https:\/\/www.vpsolar.com\/en\/product-category\/energy-mobility-en\/mennekes-charger\/mennekes-charging-cable-accessories\/\" rel=\"tag\">Accessories<\/a>, <a href=\"https:\/\/www.vpsolar.com\/en\/product-category\/energy-mobility-en\/\" rel=\"tag\">Energy Mobility<\/a><\/span><a href=\"https:\/\/www.vpsolar.com\/en\/product\/mennekes-cavo-ricarica-modalita-3\/\" class=\"woocommerce-LoopProduct-link woocommerce-loop-product__link\"><h2 class=\"woocommerce-loop-product__title\">Mennekes: mode 3 charging cable<\/h2><div class=\"product-thumbnail product-item__thumbnail\"><img loading=\"lazy\" decoding=\"async\" width=\"300\" height=\"300\" src=\"https:\/\/www.vpsolar.com\/wp-content\/uploads\/2017\/03\/Menneke_Cavo_Modalita_3-300x300.jpg\" class=\"attachment-woocommerce_thumbnail size-woocommerce_thumbnail\" alt=\"Mennekes: mode 3 charging cable\" \/><\/div><\/a><\/div><!-- \/.product-loop-header --><div class=\"product-loop-body product-item__body\"><span class=\"loop-product-categories\"><a href=\"https:\/\/www.vpsolar.com\/en\/product-category\/energy-mobility-en\/mennekes-charger\/mennekes-charging-cable-accessories\/\" rel=\"tag\">Accessories<\/a>, <a href=\"https:\/\/www.vpsolar.com\/en\/product-category\/energy-mobility-en\/\" rel=\"tag\">Energy Mobility<\/a><\/span><a href=\"https:\/\/www.vpsolar.com\/en\/product\/mennekes-cavo-ricarica-modalita-3\/\" class=\"woocommerce-LoopProduct-link woocommerce-loop-product__link\"><h2 class=\"woocommerce-loop-product__title\">Mennekes: mode 3 charging cable<\/h2>\t\t<div class=\"product-short-description\">\n\t\t\t<p>Il <strong>connettore di ricarica standard<\/strong> nell\u2019Unione Europea sia lato veicolo che lato infrastruttura denominato di <strong>tipo 2<\/strong> sviluppato da Mennekes in Germania gestisce tutte le altre classi di potenza esistenti: dalla <strong>tensione monofase 230 V<\/strong> alternata che si trova nei normali ambienti domestici al collegamento <strong>trifase<\/strong> con corrente fino a <strong>63 A<\/strong>.<\/p>\n<p>Con questo connettore di ricarica, a seconda se si \u00e8 in presenza di tensione monofase o trifase si possono trasmettere potenze da<strong> 3,7 kW<\/strong> a <strong>43,5 kW<\/strong> (con dimensioni simili alla spina cee 16 A tradizionale).<\/p>\n<p>Vista la completa architettura di sicurezza elettronica, il connettore <strong>Mennekes tipo 2<\/strong> non ha protezione meccanica da contatto cos\u00ec da ottenere un <strong>connettore durevole<\/strong>, <strong>robusto<\/strong> e che <strong>non necessita di manutenzione<\/strong>.<\/p>\n\t\t<\/div>\n\t\t\t\t<div class=\"product-sku\">SKU: n\/a<\/div><\/a><\/div><!-- \/.product-loop-body --><div class=\"product-loop-footer product-item__footer\"><div class=\"price-add-to-cart\">\n\t<span id=\"woocommerce_loop_add_to_cart_link_describedby_46785\" class=\"screen-reader-text\">\n\t\t\t<\/span>\n<\/div><!-- \/.price-add-to-cart --><div class=\"hover-area\"><div class=\"action-buttons\"><\/div><\/div><\/div><!-- \/.product-loop-footer --><\/div><!-- \/.product-inner --><\/div><!-- \/.product-outer --><\/li>\n<li class=\"product type-product post-46784 status-publish first instock product_cat-energy-mobility-en product_cat-mennekes-charger product_cat-mennekes-wallbox-en product_tag-amtron-en product_tag-auto-elettrica-en product_tag-e-mobility-en product_tag-electric-mobility product_tag-mennekes product_tag-veicoli-elettrici-en product_tag-wallbox-amtron product_tag-wallbox-ricarica-auto-en has-post-thumbnail shipping-taxable product-type-simple\">\n\t<div class=\"product-outer product-item__outer\"><div class=\"product-inner product-item__inner\"><div class=\"product-loop-header product-item__header\"><span class=\"loop-product-categories\"><a href=\"https:\/\/www.vpsolar.com\/en\/product-category\/energy-mobility-en\/\" rel=\"tag\">Energy Mobility<\/a>, <a href=\"https:\/\/www.vpsolar.com\/en\/product-category\/energy-mobility-en\/mennekes-charger\/\" rel=\"tag\">Mennekes<\/a>, <a href=\"https:\/\/www.vpsolar.com\/en\/product-category\/energy-mobility-en\/mennekes-charger\/mennekes-wallbox-en\/\" rel=\"tag\">Wallbox<\/a><\/span><a href=\"https:\/\/www.vpsolar.com\/en\/product\/mennekes-wallbox-amtron\/\" class=\"woocommerce-LoopProduct-link woocommerce-loop-product__link\"><h2 class=\"woocommerce-loop-product__title\">Mennekes: Wallbox AMTRON<\/h2><div class=\"product-thumbnail product-item__thumbnail\"><img loading=\"lazy\" decoding=\"async\" width=\"300\" height=\"300\" src=\"https:\/\/www.vpsolar.com\/wp-content\/uploads\/2017\/03\/Mennekes_AMTRON_PREMIUM-300x300.jpg\" class=\"attachment-woocommerce_thumbnail size-woocommerce_thumbnail\" alt=\"Mennekes: Wallbox AMTRON\" \/><\/div><\/a><\/div><!-- \/.product-loop-header --><div class=\"product-loop-body product-item__body\"><span class=\"loop-product-categories\"><a href=\"https:\/\/www.vpsolar.com\/en\/product-category\/energy-mobility-en\/\" rel=\"tag\">Energy Mobility<\/a>, <a href=\"https:\/\/www.vpsolar.com\/en\/product-category\/energy-mobility-en\/mennekes-charger\/\" rel=\"tag\">Mennekes<\/a>, <a href=\"https:\/\/www.vpsolar.com\/en\/product-category\/energy-mobility-en\/mennekes-charger\/mennekes-wallbox-en\/\" rel=\"tag\">Wallbox<\/a><\/span><a href=\"https:\/\/www.vpsolar.com\/en\/product\/mennekes-wallbox-amtron\/\" class=\"woocommerce-LoopProduct-link woocommerce-loop-product__link\"><h2 class=\"woocommerce-loop-product__title\">Mennekes: Wallbox AMTRON<\/h2>\t\t<div class=\"product-short-description\">\n\t\t\t<p>Every <strong> Mennekes AMTRON <\/strong> Wallboxes are <strong> devices for charging electric vehicles in mode 3 <\/strong> with charging socket on the side <strong> Mennekes type 2 infrastructure <\/strong> as per standard European.<\/p>\n<p>There are various versions of Wallbox AMTRON depending on the type of authorization for recharging: <strong> free <\/strong>, <strong> key, <\/strong> <strong> via APP <\/strong> or <strong> RFID card <\/strong>.<\/p>\n<p>There are versions equipped with a calibrated measurement counter and others that integrate the <strong> type B differential switch <\/strong>.<\/p>\n<ul>\n<li>Standard E<\/li>\n<li>Xtra E \/ R<\/li>\n<li>Premium E \/ R<\/li>\n<\/ul>\n\t\t<\/div>\n\t\t\t\t<div class=\"product-sku\">SKU: n\/a<\/div><\/a><\/div><!-- \/.product-loop-body --><div class=\"product-loop-footer product-item__footer\"><div class=\"price-add-to-cart\">\n\t<span id=\"woocommerce_loop_add_to_cart_link_describedby_46784\" class=\"screen-reader-text\">\n\t\t\t<\/span>\n<\/div><!-- \/.price-add-to-cart --><div class=\"hover-area\"><div class=\"action-buttons\"><\/div><\/div><\/div><!-- \/.product-loop-footer --><\/div><!-- \/.product-inner --><\/div><!-- \/.product-outer --><\/li>\n<\/ul>\n<\/div>[\/vc_column][\/vc_row]<\/p>\n<\/div>","protected":false},"excerpt":{"rendered":"<p>Solar energy in your e-car: it&#8217;s not a dream, but a simple way to reduce the energy costs with a green approach, using your photovoltaic plant and Mennekes systems for<\/p>\n","protected":false},"author":1,"featured_media":39595,"comment_status":"closed","ping_status":"closed","sticky":false,"template":"","format":"standard","meta":{"footnotes":""},"categories":[141],"tags":[2276],"class_list":["post-39746","post","type-post","status-publish","format-standard","has-post-thumbnail","hentry","category-news-en","tag-e-car"],"yoast_head":"<!-- This site is optimized with the Yoast SEO plugin v26.7 - https:\/\/yoast.com\/wordpress\/plugins\/seo\/ -->\n<title>VP Solar distributor of Mennekes charging systems for e-car<\/title>\n<meta name=\"description\" content=\"Solar energy in your e-car: a simple way to reduce the energy costs with a green approach, using your photovoltaic plant and Mennekes systems for charging.\" \/>\n<meta name=\"robots\" content=\"index, follow, max-snippet:-1, max-image-preview:large, max-video-preview:-1\" \/>\n<link rel=\"canonical\" href=\"https:\/\/www.vpsolar.com\/en\/vp-solar-mennekes-charging-e-car\/\" \/>\n<meta property=\"og:locale\" content=\"en_US\" \/>\n<meta property=\"og:type\" content=\"article\" \/>\n<meta property=\"og:title\" content=\"VP Solar distributor of Mennekes charging systems for e-car\" \/>\n<meta property=\"og:description\" content=\"Solar energy in your e-car: a simple way to reduce the energy costs with a green approach, using your photovoltaic plant and Mennekes systems for charging.\" \/>\n<meta property=\"og:url\" content=\"https:\/\/www.vpsolar.com\/en\/vp-solar-mennekes-charging-e-car\/\" \/>\n<meta property=\"og:site_name\" content=\"VP Solar\" \/>\n<meta property=\"article:publisher\" content=\"https:\/\/www.facebook.com\/vpsolar\" \/>\n<meta property=\"article:published_time\" content=\"2022-06-15T06:00:55+00:00\" \/>\n<meta property=\"article:modified_time\" content=\"2022-06-15T07:51:42+00:00\" \/>\n<meta property=\"og:image\" content=\"https:\/\/www.vpsolar.com\/wp-content\/uploads\/2017\/03\/Sistemi-di-ricarica.jpg\" \/>\n\t<meta property=\"og:image:width\" content=\"358\" \/>\n\t<meta property=\"og:image:height\" content=\"224\" \/>\n\t<meta property=\"og:image:type\" content=\"image\/jpeg\" \/>\n<meta name=\"author\" content=\"Team VP Solar\" \/>\n<meta name=\"twitter:card\" content=\"summary_large_image\" \/>\n<meta name=\"twitter:label1\" content=\"Written by\" \/>\n\t<meta name=\"twitter:data1\" content=\"Team VP Solar\" \/>\n\t<meta name=\"twitter:label2\" content=\"Est. reading time\" \/>\n\t<meta name=\"twitter:data2\" content=\"2 minutes\" \/>\n<script type=\"application\/ld+json\" class=\"yoast-schema-graph\">{\"@context\":\"https:\/\/schema.org\",\"@graph\":[{\"@type\":\"Article\",\"@id\":\"https:\/\/www.vpsolar.com\/en\/vp-solar-mennekes-charging-e-car\/#article\",\"isPartOf\":{\"@id\":\"https:\/\/www.vpsolar.com\/en\/vp-solar-mennekes-charging-e-car\/\"},\"author\":{\"name\":\"Team VP Solar\",\"@id\":\"https:\/\/www.vpsolar.com\/en\/#\/schema\/person\/baf8d372bcff76f80100245e60134147\"},\"headline\":\"VP Solar distributor of Mennekes charging systems for e-car\",\"datePublished\":\"2022-06-15T06:00:55+00:00\",\"dateModified\":\"2022-06-15T07:51:42+00:00\",\"mainEntityOfPage\":{\"@id\":\"https:\/\/www.vpsolar.com\/en\/vp-solar-mennekes-charging-e-car\/\"},\"wordCount\":410,\"publisher\":{\"@id\":\"https:\/\/www.vpsolar.com\/en\/#organization\"},\"image\":{\"@id\":\"https:\/\/www.vpsolar.com\/en\/vp-solar-mennekes-charging-e-car\/#primaryimage\"},\"thumbnailUrl\":\"https:\/\/www.vpsolar.com\/wp-content\/uploads\/2017\/03\/Sistemi-di-ricarica.jpg\",\"keywords\":[\"e-car\"],\"articleSection\":[\"News\"],\"inLanguage\":\"en-US\"},{\"@type\":\"WebPage\",\"@id\":\"https:\/\/www.vpsolar.com\/en\/vp-solar-mennekes-charging-e-car\/\",\"url\":\"https:\/\/www.vpsolar.com\/en\/vp-solar-mennekes-charging-e-car\/\",\"name\":\"VP Solar distributor of Mennekes charging systems for e-car\",\"isPartOf\":{\"@id\":\"https:\/\/www.vpsolar.com\/en\/#website\"},\"primaryImageOfPage\":{\"@id\":\"https:\/\/www.vpsolar.com\/en\/vp-solar-mennekes-charging-e-car\/#primaryimage\"},\"image\":{\"@id\":\"https:\/\/www.vpsolar.com\/en\/vp-solar-mennekes-charging-e-car\/#primaryimage\"},\"thumbnailUrl\":\"https:\/\/www.vpsolar.com\/wp-content\/uploads\/2017\/03\/Sistemi-di-ricarica.jpg\",\"datePublished\":\"2022-06-15T06:00:55+00:00\",\"dateModified\":\"2022-06-15T07:51:42+00:00\",\"description\":\"Solar energy in your e-car: a simple way to reduce the energy costs with a green approach, using your photovoltaic plant and Mennekes systems for charging.\",\"breadcrumb\":{\"@id\":\"https:\/\/www.vpsolar.com\/en\/vp-solar-mennekes-charging-e-car\/#breadcrumb\"},\"inLanguage\":\"en-US\",\"potentialAction\":[{\"@type\":\"ReadAction\",\"target\":[\"https:\/\/www.vpsolar.com\/en\/vp-solar-mennekes-charging-e-car\/\"]}]},{\"@type\":\"ImageObject\",\"inLanguage\":\"en-US\",\"@id\":\"https:\/\/www.vpsolar.com\/en\/vp-solar-mennekes-charging-e-car\/#primaryimage\",\"url\":\"https:\/\/www.vpsolar.com\/wp-content\/uploads\/2017\/03\/Sistemi-di-ricarica.jpg\",\"contentUrl\":\"https:\/\/www.vpsolar.com\/wp-content\/uploads\/2017\/03\/Sistemi-di-ricarica.jpg\",\"width\":358,\"height\":224,\"caption\":\"e-car\"},{\"@type\":\"BreadcrumbList\",\"@id\":\"https:\/\/www.vpsolar.com\/en\/vp-solar-mennekes-charging-e-car\/#breadcrumb\",\"itemListElement\":[{\"@type\":\"ListItem\",\"position\":1,\"name\":\"Home\",\"item\":\"https:\/\/www.vpsolar.com\/en\/\"},{\"@type\":\"ListItem\",\"position\":2,\"name\":\"VP Solar distributor of Mennekes charging systems for e-car\"}]},{\"@type\":\"WebSite\",\"@id\":\"https:\/\/www.vpsolar.com\/en\/#website\",\"url\":\"https:\/\/www.vpsolar.com\/en\/\",\"name\":\"VP Solar\",\"description\":\"Professional Distribution\",\"publisher\":{\"@id\":\"https:\/\/www.vpsolar.com\/en\/#organization\"},\"potentialAction\":[{\"@type\":\"SearchAction\",\"target\":{\"@type\":\"EntryPoint\",\"urlTemplate\":\"https:\/\/www.vpsolar.com\/en\/?s={search_term_string}\"},\"query-input\":{\"@type\":\"PropertyValueSpecification\",\"valueRequired\":true,\"valueName\":\"search_term_string\"}}],\"inLanguage\":\"en-US\"},{\"@type\":\"Organization\",\"@id\":\"https:\/\/www.vpsolar.com\/en\/#organization\",\"name\":\"VP Solar Srl\",\"url\":\"https:\/\/www.vpsolar.com\/en\/\",\"logo\":{\"@type\":\"ImageObject\",\"inLanguage\":\"en-US\",\"@id\":\"https:\/\/www.vpsolar.com\/en\/#\/schema\/logo\/image\/\",\"url\":\"https:\/\/www.vpsolar.com\/wp-content\/uploads\/2021\/10\/VPSolar_Energy_Solution_provider.gif\",\"contentUrl\":\"https:\/\/www.vpsolar.com\/wp-content\/uploads\/2021\/10\/VPSolar_Energy_Solution_provider.gif\",\"width\":269,\"height\":51,\"caption\":\"VP Solar Srl\"},\"image\":{\"@id\":\"https:\/\/www.vpsolar.com\/en\/#\/schema\/logo\/image\/\"},\"sameAs\":[\"https:\/\/www.facebook.com\/vpsolar\",\"https:\/\/www.linkedin.com\/company\/vpsolar\",\"https:\/\/www.youtube.com\/user\/vpsolar\"]},{\"@type\":\"Person\",\"@id\":\"https:\/\/www.vpsolar.com\/en\/#\/schema\/person\/baf8d372bcff76f80100245e60134147\",\"name\":\"Team VP Solar\",\"sameAs\":[\"VPmin\"],\"url\":\"https:\/\/www.vpsolar.com\/en\/author\/vpmin\/\"}]}<\/script>\n<!-- \/ Yoast SEO plugin. -->","yoast_head_json":{"title":"VP Solar distributor of Mennekes charging systems for e-car","description":"Solar energy in your e-car: a simple way to reduce the energy costs with a green approach, using your photovoltaic plant and Mennekes systems for charging.","robots":{"index":"index","follow":"follow","max-snippet":"max-snippet:-1","max-image-preview":"max-image-preview:large","max-video-preview":"max-video-preview:-1"},"canonical":"https:\/\/www.vpsolar.com\/en\/vp-solar-mennekes-charging-e-car\/","og_locale":"en_US","og_type":"article","og_title":"VP Solar distributor of Mennekes charging systems for e-car","og_description":"Solar energy in your e-car: a simple way to reduce the energy costs with a green approach, using your photovoltaic plant and Mennekes systems for charging.","og_url":"https:\/\/www.vpsolar.com\/en\/vp-solar-mennekes-charging-e-car\/","og_site_name":"VP Solar","article_publisher":"https:\/\/www.facebook.com\/vpsolar","article_published_time":"2022-06-15T06:00:55+00:00","article_modified_time":"2022-06-15T07:51:42+00:00","og_image":[{"width":358,"height":224,"url":"https:\/\/www.vpsolar.com\/wp-content\/uploads\/2017\/03\/Sistemi-di-ricarica.jpg","type":"image\/jpeg"}],"author":"Team VP Solar","twitter_card":"summary_large_image","twitter_misc":{"Written by":"Team VP Solar","Est. reading time":"2 minutes"},"schema":{"@context":"https:\/\/schema.org","@graph":[{"@type":"Article","@id":"https:\/\/www.vpsolar.com\/en\/vp-solar-mennekes-charging-e-car\/#article","isPartOf":{"@id":"https:\/\/www.vpsolar.com\/en\/vp-solar-mennekes-charging-e-car\/"},"author":{"name":"Team VP Solar","@id":"https:\/\/www.vpsolar.com\/en\/#\/schema\/person\/baf8d372bcff76f80100245e60134147"},"headline":"VP Solar distributor of Mennekes charging systems for e-car","datePublished":"2022-06-15T06:00:55+00:00","dateModified":"2022-06-15T07:51:42+00:00","mainEntityOfPage":{"@id":"https:\/\/www.vpsolar.com\/en\/vp-solar-mennekes-charging-e-car\/"},"wordCount":410,"publisher":{"@id":"https:\/\/www.vpsolar.com\/en\/#organization"},"image":{"@id":"https:\/\/www.vpsolar.com\/en\/vp-solar-mennekes-charging-e-car\/#primaryimage"},"thumbnailUrl":"https:\/\/www.vpsolar.com\/wp-content\/uploads\/2017\/03\/Sistemi-di-ricarica.jpg","keywords":["e-car"],"articleSection":["News"],"inLanguage":"en-US"},{"@type":"WebPage","@id":"https:\/\/www.vpsolar.com\/en\/vp-solar-mennekes-charging-e-car\/","url":"https:\/\/www.vpsolar.com\/en\/vp-solar-mennekes-charging-e-car\/","name":"VP Solar distributor of Mennekes charging systems for e-car","isPartOf":{"@id":"https:\/\/www.vpsolar.com\/en\/#website"},"primaryImageOfPage":{"@id":"https:\/\/www.vpsolar.com\/en\/vp-solar-mennekes-charging-e-car\/#primaryimage"},"image":{"@id":"https:\/\/www.vpsolar.com\/en\/vp-solar-mennekes-charging-e-car\/#primaryimage"},"thumbnailUrl":"https:\/\/www.vpsolar.com\/wp-content\/uploads\/2017\/03\/Sistemi-di-ricarica.jpg","datePublished":"2022-06-15T06:00:55+00:00","dateModified":"2022-06-15T07:51:42+00:00","description":"Solar energy in your e-car: a simple way to reduce the energy costs with a green approach, using your photovoltaic plant and Mennekes systems for charging.","breadcrumb":{"@id":"https:\/\/www.vpsolar.com\/en\/vp-solar-mennekes-charging-e-car\/#breadcrumb"},"inLanguage":"en-US","potentialAction":[{"@type":"ReadAction","target":["https:\/\/www.vpsolar.com\/en\/vp-solar-mennekes-charging-e-car\/"]}]},{"@type":"ImageObject","inLanguage":"en-US","@id":"https:\/\/www.vpsolar.com\/en\/vp-solar-mennekes-charging-e-car\/#primaryimage","url":"https:\/\/www.vpsolar.com\/wp-content\/uploads\/2017\/03\/Sistemi-di-ricarica.jpg","contentUrl":"https:\/\/www.vpsolar.com\/wp-content\/uploads\/2017\/03\/Sistemi-di-ricarica.jpg","width":358,"height":224,"caption":"e-car"},{"@type":"BreadcrumbList","@id":"https:\/\/www.vpsolar.com\/en\/vp-solar-mennekes-charging-e-car\/#breadcrumb","itemListElement":[{"@type":"ListItem","position":1,"name":"Home","item":"https:\/\/www.vpsolar.com\/en\/"},{"@type":"ListItem","position":2,"name":"VP Solar distributor of Mennekes charging systems for e-car"}]},{"@type":"WebSite","@id":"https:\/\/www.vpsolar.com\/en\/#website","url":"https:\/\/www.vpsolar.com\/en\/","name":"VP Solar","description":"Professional Distribution","publisher":{"@id":"https:\/\/www.vpsolar.com\/en\/#organization"},"potentialAction":[{"@type":"SearchAction","target":{"@type":"EntryPoint","urlTemplate":"https:\/\/www.vpsolar.com\/en\/?s={search_term_string}"},"query-input":{"@type":"PropertyValueSpecification","valueRequired":true,"valueName":"search_term_string"}}],"inLanguage":"en-US"},{"@type":"Organization","@id":"https:\/\/www.vpsolar.com\/en\/#organization","name":"VP Solar Srl","url":"https:\/\/www.vpsolar.com\/en\/","logo":{"@type":"ImageObject","inLanguage":"en-US","@id":"https:\/\/www.vpsolar.com\/en\/#\/schema\/logo\/image\/","url":"https:\/\/www.vpsolar.com\/wp-content\/uploads\/2021\/10\/VPSolar_Energy_Solution_provider.gif","contentUrl":"https:\/\/www.vpsolar.com\/wp-content\/uploads\/2021\/10\/VPSolar_Energy_Solution_provider.gif","width":269,"height":51,"caption":"VP Solar Srl"},"image":{"@id":"https:\/\/www.vpsolar.com\/en\/#\/schema\/logo\/image\/"},"sameAs":["https:\/\/www.facebook.com\/vpsolar","https:\/\/www.linkedin.com\/company\/vpsolar","https:\/\/www.youtube.com\/user\/vpsolar"]},{"@type":"Person","@id":"https:\/\/www.vpsolar.com\/en\/#\/schema\/person\/baf8d372bcff76f80100245e60134147","name":"Team VP Solar","sameAs":["VPmin"],"url":"https:\/\/www.vpsolar.com\/en\/author\/vpmin\/"}]}},"publishpress_future_workflow_manual_trigger":{"enabledWorkflows":[]},"_links":{"self":[{"href":"https:\/\/www.vpsolar.com\/en\/wp-json\/wp\/v2\/posts\/39746","targetHints":{"allow":["GET"]}}],"collection":[{"href":"https:\/\/www.vpsolar.com\/en\/wp-json\/wp\/v2\/posts"}],"about":[{"href":"https:\/\/www.vpsolar.com\/en\/wp-json\/wp\/v2\/types\/post"}],"author":[{"embeddable":true,"href":"https:\/\/www.vpsolar.com\/en\/wp-json\/wp\/v2\/users\/1"}],"replies":[{"embeddable":true,"href":"https:\/\/www.vpsolar.com\/en\/wp-json\/wp\/v2\/comments?post=39746"}],"version-history":[{"count":2,"href":"https:\/\/www.vpsolar.com\/en\/wp-json\/wp\/v2\/posts\/39746\/revisions"}],"predecessor-version":[{"id":62113,"href":"https:\/\/www.vpsolar.com\/en\/wp-json\/wp\/v2\/posts\/39746\/revisions\/62113"}],"wp:featuredmedia":[{"embeddable":true,"href":"https:\/\/www.vpsolar.com\/en\/wp-json\/wp\/v2\/media\/39595"}],"wp:attachment":[{"href":"https:\/\/www.vpsolar.com\/en\/wp-json\/wp\/v2\/media?parent=39746"}],"wp:term":[{"taxonomy":"category","embeddable":true,"href":"https:\/\/www.vpsolar.com\/en\/wp-json\/wp\/v2\/categories?post=39746"},{"taxonomy":"post_tag","embeddable":true,"href":"https:\/\/www.vpsolar.com\/en\/wp-json\/wp\/v2\/tags?post=39746"}],"curies":[{"name":"wp","href":"https:\/\/api.w.org\/{rel}","templated":true}]}}